{"id":3131,"date":"2026-04-01T15:09:22","date_gmt":"2026-04-01T13:09:22","guid":{"rendered":"https:\/\/biome-besancon.umlp.fr\/?p=3131"},"modified":"2026-04-01T15:09:23","modified_gmt":"2026-04-01T13:09:23","slug":"frequences-en-rythme-et-en-cadence","status":"publish","type":"post","link":"https:\/\/biome-besancon.umlp.fr\/?p=3131","title":{"rendered":"Fr\u00e9quences, en rythme et en cadence"},"content":{"rendered":"\t\t<div data-elementor-type=\"wp-post\" data-elementor-id=\"3131\" class=\"elementor elementor-3131\">\n\t\t\t\t<div class=\"elementor-element elementor-element-a96d914 e-flex e-con-boxed e-con e-parent\" data-id=\"a96d914\" data-element_type=\"container\" data-e-type=\"container\" data-settings=\"{&quot;background_background&quot;:&quot;gradient&quot;}\">\n\t\t\t\t\t<div class=\"e-con-inner\">\n\t\t<div class=\"elementor-element elementor-element-6a738f5 e-flex e-con-boxed e-con e-child\" data-id=\"6a738f5\" data-element_type=\"container\" data-e-type=\"container\" data-settings=\"{&quot;background_background&quot;:&quot;slideshow&quot;,&quot;background_slideshow_gallery&quot;:[{&quot;id&quot;:3042,&quot;url&quot;:&quot;https:\\\/\\\/biome-besancon.umlp.fr\\\/wp-content\\\/uploads\\\/2026\\\/02\\\/FREQUENCES-B.jpg&quot;}],&quot;background_slideshow_loop&quot;:&quot;yes&quot;,&quot;background_slideshow_slide_duration&quot;:5000,&quot;background_slideshow_slide_transition&quot;:&quot;fade&quot;,&quot;background_slideshow_transition_duration&quot;:500}\">\n\t\t\t\t\t<div class=\"e-con-inner\">\n\t\t\t\t\t<\/div>\n\t\t\t\t<\/div>\n\t\t\t\t\t<\/div>\n\t\t\t\t<\/div>\n\t\t<div class=\"elementor-element elementor-element-b789fbc e-flex e-con-boxed e-con e-parent\" data-id=\"b789fbc\" data-element_type=\"container\" data-e-type=\"container\">\n\t\t\t\t\t<div class=\"e-con-inner\">\n\t\t<div class=\"elementor-element elementor-element-09934c0 e-con-full e-flex e-con e-child\" data-id=\"09934c0\" data-element_type=\"container\" data-e-type=\"container\">\n\t\t<div class=\"elementor-element elementor-element-2f2a4e6 e-con-full e-flex e-con e-child\" data-id=\"2f2a4e6\" data-element_type=\"container\" data-e-type=\"container\">\n\t\t<div class=\"elementor-element elementor-element-4c1adda e-con-full e-flex e-con e-child\" data-id=\"4c1adda\" data-element_type=\"container\" data-e-type=\"container\">\n\t\t\t\t<div class=\"elementor-element elementor-element-8c1ff71 elementor-widget elementor-widget-heading\" data-id=\"8c1ff71\" data-element_type=\"widget\" data-e-type=\"widget\" data-widget_type=\"heading.default\">\n\t\t\t\t<div class=\"elementor-widget-container\">\n\t\t\t\t\t<h3 class=\"elementor-heading-title elementor-size-default\">Fr\u00e9quences, en rythme et en cadence - Exposition<\/h3>\t\t\t\t<\/div>\n\t\t\t\t<\/div>\n\t\t\t\t<div class=\"elementor-element elementor-element-62778d8 elementor-widget elementor-widget-heading\" data-id=\"62778d8\" data-element_type=\"widget\" data-e-type=\"widget\" data-widget_type=\"heading.default\">\n\t\t\t\t<div class=\"elementor-widget-container\">\n\t\t\t\t\t<h4 class=\"elementor-heading-title elementor-size-default\">Au BIOME \u2013 Fabrika<\/h4>\t\t\t\t<\/div>\n\t\t\t\t<\/div>\n\t\t\t\t<div class=\"elementor-element elementor-element-534bf9d elementor-widget elementor-widget-text-editor\" data-id=\"534bf9d\" data-element_type=\"widget\" data-e-type=\"widget\" data-widget_type=\"text-editor.default\">\n\t\t\t\t<div class=\"elementor-widget-container\">\n\t\t\t\t\t\t\t\t\t<p>Des battements du c\u0153ur aux notes de musique, en passant par le jour et la nuit, la notion de fr\u00e9quence rythme le monde. Temps et fr\u00e9quence sont ainsi centrales pour de nombreuses recherches.<\/p><p>L\u2019exposition \u00ab Fr\u00e9quences, en rythme et en cadence \u00bb vous invitera \u00e0 en d\u00e9couvrir certaines par le jeu et l\u2019exp\u00e9rimentation. Cette plong\u00e9e dans les laboratoires locaux mettra en lumi\u00e8re des fr\u00e9quences biologiques, optiques, astronomiques, sonores, \u2026 ainsi qu\u2019une \u0153uvre issue d\u2019une collaboration entre un artiste et des chercheurs bisontins.<\/p>\t\t\t\t\t\t\t\t<\/div>\n\t\t\t\t<\/div>\n\t\t\t\t<\/div>\n\t\t<div class=\"elementor-element elementor-element-50f43df e-con-full e-flex e-con e-child\" data-id=\"50f43df\" data-element_type=\"container\" data-e-type=\"container\">\n\t\t<div class=\"elementor-element elementor-element-85282d4 e-con-full e-flex e-con e-child\" data-id=\"85282d4\" data-element_type=\"container\" data-e-type=\"container\">\n\t\t\t\t<div class=\"elementor-element elementor-element-362300e elementor-widget elementor-widget-heading\" data-id=\"362300e\" data-element_type=\"widget\" data-e-type=\"widget\" data-widget_type=\"heading.default\">\n\t\t\t\t<div class=\"elementor-widget-container\">\n\t\t\t\t\t<h4 class=\"elementor-heading-title elementor-size-default\">D\u00e9couvrir l'exposition<\/h4>\t\t\t\t<\/div>\n\t\t\t\t<\/div>\n\t\t\t\t<div class=\"elementor-element elementor-element-10e1235 elementor-widget elementor-widget-text-editor\" data-id=\"10e1235\" data-element_type=\"widget\" data-e-type=\"widget\" data-widget_type=\"text-editor.default\">\n\t\t\t\t<div class=\"elementor-widget-container\">\n\t\t\t\t\t\t\t\t\t<p>Du 28 f\u00e9vrier au 29 mars 2026<\/p><p style=\"font-weight: 400;\">Les samedis et dimanches<\/p><p style=\"font-weight: 400;\">De 14h \u00e0 17h<\/p><p style=\"font-weight: 400;\">Gratuit, sans r\u00e9servation<\/p><p>Et en semaine pour les scolaires<\/p>\t\t\t\t\t\t\t\t<\/div>\n\t\t\t\t<\/div>\n\t\t\t\t<\/div>\n\t\t\t\t<\/div>\n\t\t\t\t<\/div>\n\t\t<div class=\"elementor-element elementor-element-27095ff e-con-full e-flex e-con e-child\" data-id=\"27095ff\" data-element_type=\"container\" data-e-type=\"container\">\n\t\t<div class=\"elementor-element elementor-element-b502a17 e-con-full e-flex e-con e-child\" data-id=\"b502a17\" data-element_type=\"container\" data-e-type=\"container\">\n\t\t\t\t<div class=\"elementor-element elementor-element-088a3c8 elementor-widget elementor-widget-heading\" data-id=\"088a3c8\" data-element_type=\"widget\" data-e-type=\"widget\" data-widget_type=\"heading.default\">\n\t\t\t\t<div class=\"elementor-widget-container\">\n\t\t\t\t\t<h4 class=\"elementor-heading-title elementor-size-default\">PARTENAIRES<\/h4>\t\t\t\t<\/div>\n\t\t\t\t<\/div>\n\t\t\t\t<div class=\"elementor-element elementor-element-6901211 elementor-widget__width-initial elementor-widget elementor-widget-text-editor\" data-id=\"6901211\" data-element_type=\"widget\" data-e-type=\"widget\" data-widget_type=\"text-editor.default\">\n\t\t\t\t<div class=\"elementor-widget-container\">\n\t\t\t\t\t\t\t\t\t<p>Financ\u00e9e par l\u2019ANR (Agence Nationale de la Recherche). Avec les laboratoires de l&rsquo;Universit\u00e9 Marie et Louis Pasteur, l\u2019institut FEMTO-ST (Franche-Comt\u00e9 \u00c9lectronique M\u00e9canique Thermique et Optique \u2013 Sciences et Technologies), le C3S (Culture, Sport, Sant\u00e9, Soci\u00e9t\u00e9), le LASA (Laboratoire de Sociologie et d\u2019Anthropologie), le LINC (Laboratoire de Neurosciences Int\u00e9gratives et Cliniques), le CRIT (Centre de Recherches Interdisciplinaires et Transculturelles) et l\u2019OSU-THETA (Observatoire des Sciences de l\u2019Univers \u2013 Terre, Homme, Environnement, Temps, Astronomie).<\/p><p>Ainsi que le Pavillon des sciences, Samuel Bianchini (artiste), Thomas Karbiche, horloger, \u00ab l\u2019Horloger de Battant \u00bb, l\u2019Atelier de Riki (sc\u00e9nographie) et Chlo\u00e9 Lefrant (illustratrice-graphiste).<\/p>\t\t\t\t\t\t\t\t<\/div>\n\t\t\t\t<\/div>\n\t\t\t\t<\/div>\n\t\t\t\t<\/div>\n\t\t<div class=\"elementor-element elementor-element-966c185 e-con-full e-flex e-con e-child\" data-id=\"966c185\" data-element_type=\"container\" data-e-type=\"container\">\n\t\t\t\t<div class=\"elementor-element elementor-element-1ea8b67 elementor-widget elementor-widget-button\" data-id=\"1ea8b67\" data-element_type=\"widget\" data-e-type=\"widget\" data-widget_type=\"button.default\">\n\t\t\t\t<div class=\"elementor-widget-container\">\n\t\t\t\t\t\t\t\t\t<div class=\"elementor-button-wrapper\">\n\t\t\t\t\t<a class=\"elementor-button elementor-button-link elementor-size-sm\" href=\"https:\/\/biome-besancon.umlp.fr\/wp-content\/uploads\/2025\/07\/biome_scolaires-25_web_def.pdf\" target=\"_blank\">\n\t\t\t\t\t\t<span class=\"elementor-button-content-wrapper\">\n\t\t\t\t\t\t\t\t\t<span class=\"elementor-button-text\">Pour les scolaires<\/span>\n\t\t\t\t\t<\/span>\n\t\t\t\t\t<\/a>\n\t\t\t\t<\/div>\n\t\t\t\t\t\t\t\t<\/div>\n\t\t\t\t<\/div>\n\t\t\t\t<div class=\"elementor-element elementor-element-375cf0e elementor-widget elementor-widget-button\" data-id=\"375cf0e\" data-element_type=\"widget\" data-e-type=\"widget\" data-widget_type=\"button.default\">\n\t\t\t\t<div class=\"elementor-widget-container\">\n\t\t\t\t\t\t\t\t\t<div class=\"elementor-button-wrapper\">\n\t\t\t\t\t<a class=\"elementor-button elementor-button-link elementor-size-sm\" href=\"https:\/\/biome-besancon.umlp.fr#actus\">\n\t\t\t\t\t\t<span class=\"elementor-button-content-wrapper\">\n\t\t\t\t\t\t\t\t\t<span class=\"elementor-button-text\">Voir toutes les actus<\/span>\n\t\t\t\t\t<\/span>\n\t\t\t\t\t<\/a>\n\t\t\t\t<\/div>\n\t\t\t\t\t\t\t\t<\/div>\n\t\t\t\t<\/div>\n\t\t\t\t<\/div>\n\t\t\t\t<\/div>\n\t\t\t\t\t<\/div>\n\t\t\t\t<\/div>\n\t\t\t\t<\/div>\n\t\t","protected":false},"excerpt":{"rendered":"<p>Du 28 f\u00e9vrier au 29 mars 2026<\/p>\n","protected":false},"author":1,"featured_media":3048,"comment_status":"closed","ping_status":"open","sticky":false,"template":"","format":"standard","meta":{"footnotes":""},"categories":[6],"tags":[],"class_list":["post-3131","post","type-post","status-publish","format-standard","has-post-thumbnail","hentry","category-evenements-passes"],"yoast_head":"<!-- This site is optimized with the Yoast SEO plugin v27.3 - https:\/\/yoast.com\/product\/yoast-seo-wordpress\/ -->\n<title>Fr\u00e9quences, en rythme et en cadence - BIOME<\/title>\n<meta name=\"robots\" content=\"index, follow, max-snippet:-1, max-image-preview:large, max-video-preview:-1\" \/>\n<link rel=\"canonical\" href=\"https:\/\/biome-besancon.umlp.fr\/?p=3131\" \/>\n<meta property=\"og:locale\" content=\"fr_FR\" \/>\n<meta property=\"og:type\" content=\"article\" \/>\n<meta property=\"og:title\" content=\"Fr\u00e9quences, en rythme et en cadence - BIOME\" \/>\n<meta property=\"og:description\" content=\"Du 28 f\u00e9vrier au 29 mars 2026\" \/>\n<meta property=\"og:url\" content=\"https:\/\/biome-besancon.umlp.fr\/?p=3131\" \/>\n<meta property=\"og:site_name\" content=\"BIOME\" \/>\n<meta property=\"article:published_time\" content=\"2026-04-01T13:09:22+00:00\" \/>\n<meta property=\"article:modified_time\" content=\"2026-04-01T13:09:23+00:00\" \/>\n<meta property=\"og:image\" content=\"https:\/\/biome-besancon.umlp.fr\/wp-content\/uploads\/2026\/01\/FREQUENCES-P.jpg\" \/>\n\t<meta property=\"og:image:width\" content=\"680\" \/>\n\t<meta property=\"og:image:height\" content=\"680\" \/>\n\t<meta property=\"og:image:type\" content=\"image\/jpeg\" \/>\n<meta name=\"author\" content=\"Dircom\" \/>\n<meta name=\"twitter:card\" content=\"summary_large_image\" \/>\n<meta name=\"twitter:label1\" content=\"\u00c9crit par\" \/>\n\t<meta name=\"twitter:data1\" content=\"Dircom\" \/>\n\t<meta name=\"twitter:label2\" content=\"Dur\u00e9e de lecture estim\u00e9e\" \/>\n\t<meta name=\"twitter:data2\" content=\"2 minutes\" \/>\n<script type=\"application\/ld+json\" class=\"yoast-schema-graph\">{\"@context\":\"https:\\\/\\\/schema.org\",\"@graph\":[{\"@type\":\"Article\",\"@id\":\"https:\\\/\\\/biome-besancon.umlp.fr\\\/?p=3131#article\",\"isPartOf\":{\"@id\":\"https:\\\/\\\/biome-besancon.umlp.fr\\\/?p=3131\"},\"author\":{\"name\":\"Dircom\",\"@id\":\"https:\\\/\\\/biome-besancon.umlp.fr\\\/#\\\/schema\\\/person\\\/6a053e436ae3bf2e85837e6b65d1f5dd\"},\"headline\":\"Fr\u00e9quences, en rythme et en cadence\",\"datePublished\":\"2026-04-01T13:09:22+00:00\",\"dateModified\":\"2026-04-01T13:09:23+00:00\",\"mainEntityOfPage\":{\"@id\":\"https:\\\/\\\/biome-besancon.umlp.fr\\\/?p=3131\"},\"wordCount\":250,\"publisher\":{\"@id\":\"https:\\\/\\\/biome-besancon.umlp.fr\\\/#organization\"},\"image\":{\"@id\":\"https:\\\/\\\/biome-besancon.umlp.fr\\\/?p=3131#primaryimage\"},\"thumbnailUrl\":\"https:\\\/\\\/biome-besancon.umlp.fr\\\/wp-content\\\/uploads\\\/2026\\\/01\\\/FREQUENCES-P.jpg\",\"articleSection\":[\"\u00c9v\u00e8nements pass\u00e9s\"],\"inLanguage\":\"fr-FR\"},{\"@type\":\"WebPage\",\"@id\":\"https:\\\/\\\/biome-besancon.umlp.fr\\\/?p=3131\",\"url\":\"https:\\\/\\\/biome-besancon.umlp.fr\\\/?p=3131\",\"name\":\"Fr\u00e9quences, en rythme et en cadence - BIOME\",\"isPartOf\":{\"@id\":\"https:\\\/\\\/biome-besancon.umlp.fr\\\/#website\"},\"primaryImageOfPage\":{\"@id\":\"https:\\\/\\\/biome-besancon.umlp.fr\\\/?p=3131#primaryimage\"},\"image\":{\"@id\":\"https:\\\/\\\/biome-besancon.umlp.fr\\\/?p=3131#primaryimage\"},\"thumbnailUrl\":\"https:\\\/\\\/biome-besancon.umlp.fr\\\/wp-content\\\/uploads\\\/2026\\\/01\\\/FREQUENCES-P.jpg\",\"datePublished\":\"2026-04-01T13:09:22+00:00\",\"dateModified\":\"2026-04-01T13:09:23+00:00\",\"breadcrumb\":{\"@id\":\"https:\\\/\\\/biome-besancon.umlp.fr\\\/?p=3131#breadcrumb\"},\"inLanguage\":\"fr-FR\",\"potentialAction\":[{\"@type\":\"ReadAction\",\"target\":[\"https:\\\/\\\/biome-besancon.umlp.fr\\\/?p=3131\"]}]},{\"@type\":\"ImageObject\",\"inLanguage\":\"fr-FR\",\"@id\":\"https:\\\/\\\/biome-besancon.umlp.fr\\\/?p=3131#primaryimage\",\"url\":\"https:\\\/\\\/biome-besancon.umlp.fr\\\/wp-content\\\/uploads\\\/2026\\\/01\\\/FREQUENCES-P.jpg\",\"contentUrl\":\"https:\\\/\\\/biome-besancon.umlp.fr\\\/wp-content\\\/uploads\\\/2026\\\/01\\\/FREQUENCES-P.jpg\",\"width\":680,\"height\":680},{\"@type\":\"BreadcrumbList\",\"@id\":\"https:\\\/\\\/biome-besancon.umlp.fr\\\/?p=3131#breadcrumb\",\"itemListElement\":[{\"@type\":\"ListItem\",\"position\":1,\"name\":\"Accueil\",\"item\":\"https:\\\/\\\/biome-besancon.umlp.fr\\\/\"},{\"@type\":\"ListItem\",\"position\":2,\"name\":\"Fr\u00e9quences, en rythme et en cadence\"}]},{\"@type\":\"WebSite\",\"@id\":\"https:\\\/\\\/biome-besancon.umlp.fr\\\/#website\",\"url\":\"https:\\\/\\\/biome-besancon.umlp.fr\\\/\",\"name\":\"BIOME\",\"description\":\"\",\"publisher\":{\"@id\":\"https:\\\/\\\/biome-besancon.umlp.fr\\\/#organization\"},\"potentialAction\":[{\"@type\":\"SearchAction\",\"target\":{\"@type\":\"EntryPoint\",\"urlTemplate\":\"https:\\\/\\\/biome-besancon.umlp.fr\\\/?s={search_term_string}\"},\"query-input\":{\"@type\":\"PropertyValueSpecification\",\"valueRequired\":true,\"valueName\":\"search_term_string\"}}],\"inLanguage\":\"fr-FR\"},{\"@type\":\"Organization\",\"@id\":\"https:\\\/\\\/biome-besancon.umlp.fr\\\/#organization\",\"name\":\"BIOME\",\"url\":\"https:\\\/\\\/biome-besancon.umlp.fr\\\/\",\"logo\":{\"@type\":\"ImageObject\",\"inLanguage\":\"fr-FR\",\"@id\":\"https:\\\/\\\/biome-besancon.umlp.fr\\\/#\\\/schema\\\/logo\\\/image\\\/\",\"url\":\"https:\\\/\\\/biome-besancon.umlp.fr\\\/wp-content\\\/uploads\\\/2025\\\/07\\\/BIOME-LOGO-BLEU-scaled.png\",\"contentUrl\":\"https:\\\/\\\/biome-besancon.umlp.fr\\\/wp-content\\\/uploads\\\/2025\\\/07\\\/BIOME-LOGO-BLEU-scaled.png\",\"width\":2560,\"height\":755,\"caption\":\"BIOME\"},\"image\":{\"@id\":\"https:\\\/\\\/biome-besancon.umlp.fr\\\/#\\\/schema\\\/logo\\\/image\\\/\"}},{\"@type\":\"Person\",\"@id\":\"https:\\\/\\\/biome-besancon.umlp.fr\\\/#\\\/schema\\\/person\\\/6a053e436ae3bf2e85837e6b65d1f5dd\",\"name\":\"Dircom\",\"image\":{\"@type\":\"ImageObject\",\"inLanguage\":\"fr-FR\",\"@id\":\"https:\\\/\\\/secure.gravatar.com\\\/avatar\\\/74279dae431599dd21cf495d492eac2f42a1d958212d9c4a624467b6bb7f217c?s=96&d=mm&r=g\",\"url\":\"https:\\\/\\\/secure.gravatar.com\\\/avatar\\\/74279dae431599dd21cf495d492eac2f42a1d958212d9c4a624467b6bb7f217c?s=96&d=mm&r=g\",\"contentUrl\":\"https:\\\/\\\/secure.gravatar.com\\\/avatar\\\/74279dae431599dd21cf495d492eac2f42a1d958212d9c4a624467b6bb7f217c?s=96&d=mm&r=g\",\"caption\":\"Dircom\"},\"sameAs\":[\"https:\\\/\\\/revuedesmedias.univ-fcomte.fr\"],\"url\":\"https:\\\/\\\/biome-besancon.umlp.fr\\\/?author=1\"}]}<\/script>\n<!-- \/ Yoast SEO plugin. -->","yoast_head_json":{"title":"Fr\u00e9quences, en rythme et en cadence - BIOME","robots":{"index":"index","follow":"follow","max-snippet":"max-snippet:-1","max-image-preview":"max-image-preview:large","max-video-preview":"max-video-preview:-1"},"canonical":"https:\/\/biome-besancon.umlp.fr\/?p=3131","og_locale":"fr_FR","og_type":"article","og_title":"Fr\u00e9quences, en rythme et en cadence - BIOME","og_description":"Du 28 f\u00e9vrier au 29 mars 2026","og_url":"https:\/\/biome-besancon.umlp.fr\/?p=3131","og_site_name":"BIOME","article_published_time":"2026-04-01T13:09:22+00:00","article_modified_time":"2026-04-01T13:09:23+00:00","og_image":[{"width":680,"height":680,"url":"https:\/\/biome-besancon.umlp.fr\/wp-content\/uploads\/2026\/01\/FREQUENCES-P.jpg","type":"image\/jpeg"}],"author":"Dircom","twitter_card":"summary_large_image","twitter_misc":{"\u00c9crit par":"Dircom","Dur\u00e9e de lecture estim\u00e9e":"2 minutes"},"schema":{"@context":"https:\/\/schema.org","@graph":[{"@type":"Article","@id":"https:\/\/biome-besancon.umlp.fr\/?p=3131#article","isPartOf":{"@id":"https:\/\/biome-besancon.umlp.fr\/?p=3131"},"author":{"name":"Dircom","@id":"https:\/\/biome-besancon.umlp.fr\/#\/schema\/person\/6a053e436ae3bf2e85837e6b65d1f5dd"},"headline":"Fr\u00e9quences, en rythme et en cadence","datePublished":"2026-04-01T13:09:22+00:00","dateModified":"2026-04-01T13:09:23+00:00","mainEntityOfPage":{"@id":"https:\/\/biome-besancon.umlp.fr\/?p=3131"},"wordCount":250,"publisher":{"@id":"https:\/\/biome-besancon.umlp.fr\/#organization"},"image":{"@id":"https:\/\/biome-besancon.umlp.fr\/?p=3131#primaryimage"},"thumbnailUrl":"https:\/\/biome-besancon.umlp.fr\/wp-content\/uploads\/2026\/01\/FREQUENCES-P.jpg","articleSection":["\u00c9v\u00e8nements pass\u00e9s"],"inLanguage":"fr-FR"},{"@type":"WebPage","@id":"https:\/\/biome-besancon.umlp.fr\/?p=3131","url":"https:\/\/biome-besancon.umlp.fr\/?p=3131","name":"Fr\u00e9quences, en rythme et en cadence - BIOME","isPartOf":{"@id":"https:\/\/biome-besancon.umlp.fr\/#website"},"primaryImageOfPage":{"@id":"https:\/\/biome-besancon.umlp.fr\/?p=3131#primaryimage"},"image":{"@id":"https:\/\/biome-besancon.umlp.fr\/?p=3131#primaryimage"},"thumbnailUrl":"https:\/\/biome-besancon.umlp.fr\/wp-content\/uploads\/2026\/01\/FREQUENCES-P.jpg","datePublished":"2026-04-01T13:09:22+00:00","dateModified":"2026-04-01T13:09:23+00:00","breadcrumb":{"@id":"https:\/\/biome-besancon.umlp.fr\/?p=3131#breadcrumb"},"inLanguage":"fr-FR","potentialAction":[{"@type":"ReadAction","target":["https:\/\/biome-besancon.umlp.fr\/?p=3131"]}]},{"@type":"ImageObject","inLanguage":"fr-FR","@id":"https:\/\/biome-besancon.umlp.fr\/?p=3131#primaryimage","url":"https:\/\/biome-besancon.umlp.fr\/wp-content\/uploads\/2026\/01\/FREQUENCES-P.jpg","contentUrl":"https:\/\/biome-besancon.umlp.fr\/wp-content\/uploads\/2026\/01\/FREQUENCES-P.jpg","width":680,"height":680},{"@type":"BreadcrumbList","@id":"https:\/\/biome-besancon.umlp.fr\/?p=3131#breadcrumb","itemListElement":[{"@type":"ListItem","position":1,"name":"Accueil","item":"https:\/\/biome-besancon.umlp.fr\/"},{"@type":"ListItem","position":2,"name":"Fr\u00e9quences, en rythme et en cadence"}]},{"@type":"WebSite","@id":"https:\/\/biome-besancon.umlp.fr\/#website","url":"https:\/\/biome-besancon.umlp.fr\/","name":"BIOME","description":"","publisher":{"@id":"https:\/\/biome-besancon.umlp.fr\/#organization"},"potentialAction":[{"@type":"SearchAction","target":{"@type":"EntryPoint","urlTemplate":"https:\/\/biome-besancon.umlp.fr\/?s={search_term_string}"},"query-input":{"@type":"PropertyValueSpecification","valueRequired":true,"valueName":"search_term_string"}}],"inLanguage":"fr-FR"},{"@type":"Organization","@id":"https:\/\/biome-besancon.umlp.fr\/#organization","name":"BIOME","url":"https:\/\/biome-besancon.umlp.fr\/","logo":{"@type":"ImageObject","inLanguage":"fr-FR","@id":"https:\/\/biome-besancon.umlp.fr\/#\/schema\/logo\/image\/","url":"https:\/\/biome-besancon.umlp.fr\/wp-content\/uploads\/2025\/07\/BIOME-LOGO-BLEU-scaled.png","contentUrl":"https:\/\/biome-besancon.umlp.fr\/wp-content\/uploads\/2025\/07\/BIOME-LOGO-BLEU-scaled.png","width":2560,"height":755,"caption":"BIOME"},"image":{"@id":"https:\/\/biome-besancon.umlp.fr\/#\/schema\/logo\/image\/"}},{"@type":"Person","@id":"https:\/\/biome-besancon.umlp.fr\/#\/schema\/person\/6a053e436ae3bf2e85837e6b65d1f5dd","name":"Dircom","image":{"@type":"ImageObject","inLanguage":"fr-FR","@id":"https:\/\/secure.gravatar.com\/avatar\/74279dae431599dd21cf495d492eac2f42a1d958212d9c4a624467b6bb7f217c?s=96&d=mm&r=g","url":"https:\/\/secure.gravatar.com\/avatar\/74279dae431599dd21cf495d492eac2f42a1d958212d9c4a624467b6bb7f217c?s=96&d=mm&r=g","contentUrl":"https:\/\/secure.gravatar.com\/avatar\/74279dae431599dd21cf495d492eac2f42a1d958212d9c4a624467b6bb7f217c?s=96&d=mm&r=g","caption":"Dircom"},"sameAs":["https:\/\/revuedesmedias.univ-fcomte.fr"],"url":"https:\/\/biome-besancon.umlp.fr\/?author=1"}]}},"publishpress_future_action":{"enabled":false,"date":"2026-05-07 08:42:14","action":"change-status","newStatus":"draft","terms":[],"taxonomy":"category","extraData":[]},"publishpress_future_workflow_manual_trigger":{"enabledWorkflows":[]},"_links":{"self":[{"href":"https:\/\/biome-besancon.umlp.fr\/index.php?rest_route=\/wp\/v2\/posts\/3131","targetHints":{"allow":["GET"]}}],"collection":[{"href":"https:\/\/biome-besancon.umlp.fr\/index.php?rest_route=\/wp\/v2\/posts"}],"about":[{"href":"https:\/\/biome-besancon.umlp.fr\/index.php?rest_route=\/wp\/v2\/types\/post"}],"author":[{"embeddable":true,"href":"https:\/\/biome-besancon.umlp.fr\/index.php?rest_route=\/wp\/v2\/users\/1"}],"replies":[{"embeddable":true,"href":"https:\/\/biome-besancon.umlp.fr\/index.php?rest_route=%2Fwp%2Fv2%2Fcomments&post=3131"}],"version-history":[{"count":2,"href":"https:\/\/biome-besancon.umlp.fr\/index.php?rest_route=\/wp\/v2\/posts\/3131\/revisions"}],"predecessor-version":[{"id":3154,"href":"https:\/\/biome-besancon.umlp.fr\/index.php?rest_route=\/wp\/v2\/posts\/3131\/revisions\/3154"}],"wp:featuredmedia":[{"embeddable":true,"href":"https:\/\/biome-besancon.umlp.fr\/index.php?rest_route=\/wp\/v2\/media\/3048"}],"wp:attachment":[{"href":"https:\/\/biome-besancon.umlp.fr\/index.php?rest_route=%2Fwp%2Fv2%2Fmedia&parent=3131"}],"wp:term":[{"taxonomy":"category","embeddable":true,"href":"https:\/\/biome-besancon.umlp.fr\/index.php?rest_route=%2Fwp%2Fv2%2Fcategories&post=3131"},{"taxonomy":"post_tag","embeddable":true,"href":"https:\/\/biome-besancon.umlp.fr\/index.php?rest_route=%2Fwp%2Fv2%2Ftags&post=3131"}],"curies":[{"name":"wp","href":"https:\/\/api.w.org\/{rel}","templated":true}]}}