{"id":997,"date":"2025-07-09T10:04:27","date_gmt":"2025-07-09T08:04:27","guid":{"rendered":"https:\/\/biome-besancon.umlp.fr\/?p=997"},"modified":"2026-04-01T15:10:55","modified_gmt":"2026-04-01T13:10:55","slug":"lexpo-qui-prend-la-tete","status":"publish","type":"post","link":"https:\/\/biome-besancon.umlp.fr\/?p=997","title":{"rendered":"l&rsquo;expo qui prend la t\u00eate"},"content":{"rendered":"\t\t<div data-elementor-type=\"wp-post\" data-elementor-id=\"997\" class=\"elementor elementor-997\">\n\t\t\t\t<div class=\"elementor-element elementor-element-a96d914 e-flex e-con-boxed e-con e-parent\" data-id=\"a96d914\" data-element_type=\"container\" data-e-type=\"container\" data-settings=\"{&quot;background_background&quot;:&quot;slideshow&quot;,&quot;background_slideshow_gallery&quot;:[],&quot;background_slideshow_loop&quot;:&quot;yes&quot;,&quot;background_slideshow_slide_duration&quot;:5000,&quot;background_slideshow_slide_transition&quot;:&quot;fade&quot;,&quot;background_slideshow_transition_duration&quot;:500}\">\n\t\t\t\t\t<div class=\"e-con-inner\">\n\t\t<div class=\"elementor-element elementor-element-6a738f5 e-flex e-con-boxed e-con e-child\" data-id=\"6a738f5\" data-element_type=\"container\" data-e-type=\"container\" data-settings=\"{&quot;background_background&quot;:&quot;slideshow&quot;,&quot;background_slideshow_gallery&quot;:[{&quot;id&quot;:2169,&quot;url&quot;:&quot;https:\\\/\\\/biome-besancon.umlp.fr\\\/wp-content\\\/uploads\\\/2025\\\/07\\\/EXPO-scaled.png&quot;}],&quot;background_slideshow_loop&quot;:&quot;yes&quot;,&quot;background_slideshow_slide_duration&quot;:5000,&quot;background_slideshow_slide_transition&quot;:&quot;fade&quot;,&quot;background_slideshow_transition_duration&quot;:500}\">\n\t\t\t\t\t<div class=\"e-con-inner\">\n\t\t\t\t\t<\/div>\n\t\t\t\t<\/div>\n\t\t\t\t\t<\/div>\n\t\t\t\t<\/div>\n\t\t<div class=\"elementor-element elementor-element-b789fbc e-flex e-con-boxed e-con e-parent\" data-id=\"b789fbc\" data-element_type=\"container\" data-e-type=\"container\">\n\t\t\t\t\t<div class=\"e-con-inner\">\n\t\t<div class=\"elementor-element elementor-element-09934c0 e-con-full e-flex e-con e-child\" data-id=\"09934c0\" data-element_type=\"container\" data-e-type=\"container\">\n\t\t<div class=\"elementor-element elementor-element-2f2a4e6 e-con-full e-flex e-con e-child\" data-id=\"2f2a4e6\" data-element_type=\"container\" data-e-type=\"container\">\n\t\t<div class=\"elementor-element elementor-element-4c1adda e-con-full e-flex e-con e-child\" data-id=\"4c1adda\" data-element_type=\"container\" data-e-type=\"container\">\n\t\t\t\t<div class=\"elementor-element elementor-element-8c1ff71 elementor-widget elementor-widget-heading\" data-id=\"8c1ff71\" data-element_type=\"widget\" data-e-type=\"widget\" data-widget_type=\"heading.default\">\n\t\t\t\t<div class=\"elementor-widget-container\">\n\t\t\t\t\t<h3 class=\"elementor-heading-title elementor-size-default\">L\u2019EXPO qui prend la T\u00caTE<\/h3>\t\t\t\t<\/div>\n\t\t\t\t<\/div>\n\t\t\t\t<div class=\"elementor-element elementor-element-62778d8 elementor-widget elementor-widget-heading\" data-id=\"62778d8\" data-element_type=\"widget\" data-e-type=\"widget\" data-widget_type=\"heading.default\">\n\t\t\t\t<div class=\"elementor-widget-container\">\n\t\t\t\t\t<h4 class=\"elementor-heading-title elementor-size-default\">\u00c0 la d\u00e9couverte des m\u00e9canismes d\u2019apprentissage<\/h4>\t\t\t\t<\/div>\n\t\t\t\t<\/div>\n\t\t\t\t<div class=\"elementor-element elementor-element-534bf9d elementor-widget elementor-widget-text-editor\" data-id=\"534bf9d\" data-element_type=\"widget\" data-e-type=\"widget\" data-widget_type=\"text-editor.default\">\n\t\t\t\t<div class=\"elementor-widget-container\">\n\t\t\t\t\t\t\t\t\t<p style=\"font-weight: 400;\">\u00ab Je suis nul en maths, y a rien \u00e0 faire \u00bb, \u00ab T\u2019auras jamais ton bac \u00bb ou encore \u00ab J\u2019ai aucune coordination, j&rsquo;arriverai jamais \u00e0 jouer de la batterie \u00bb. Nous avons d\u00e9j\u00e0 entendu ce genre de phrases peu flatteuses sur l&rsquo;apprentissage et nos capacit\u00e9s. Et on finit par y croire !<\/p><p style=\"font-weight: 400;\">Mais est-ce que cela est vrai ?<\/p><p><strong>L&rsquo;Expo qui prend la t\u00eate <\/strong>vous invite \u00e0 interroger ces id\u00e9es re\u00e7ues pour vous aider \u00e0 devenir des cracks, des boss, des pointures\u00a0!<\/p>\t\t\t\t\t\t\t\t<\/div>\n\t\t\t\t<\/div>\n\t\t\t\t<\/div>\n\t\t<div class=\"elementor-element elementor-element-50f43df e-con-full e-flex e-con e-child\" data-id=\"50f43df\" data-element_type=\"container\" data-e-type=\"container\">\n\t\t<div class=\"elementor-element elementor-element-85282d4 e-con-full e-flex e-con e-child\" data-id=\"85282d4\" data-element_type=\"container\" data-e-type=\"container\">\n\t\t\t\t<div class=\"elementor-element elementor-element-362300e elementor-widget elementor-widget-heading\" data-id=\"362300e\" data-element_type=\"widget\" data-e-type=\"widget\" data-widget_type=\"heading.default\">\n\t\t\t\t<div class=\"elementor-widget-container\">\n\t\t\t\t\t<h4 class=\"elementor-heading-title elementor-size-default\">D\u00e9couvrir l'exposition<\/h4>\t\t\t\t<\/div>\n\t\t\t\t<\/div>\n\t\t\t\t<div class=\"elementor-element elementor-element-10e1235 elementor-widget elementor-widget-text-editor\" data-id=\"10e1235\" data-element_type=\"widget\" data-e-type=\"widget\" data-widget_type=\"text-editor.default\">\n\t\t\t\t<div class=\"elementor-widget-container\">\n\t\t\t\t\t\t\t\t\t<p style=\"font-weight: 400;\">Du 30 ao\u00fbt au 12 octobre 2025<\/p><p style=\"font-weight: 400;\">Les samedis et dimanches<\/p><p style=\"font-weight: 400;\">De 14h \u00e0 18h<\/p><p style=\"font-weight: 400;\">Gratuit, sans r\u00e9servation<\/p><p style=\"font-weight: 400;\">\u00c0 partir de 6 ans<\/p><p>Et en semaine pour les scolaires<\/p>\t\t\t\t\t\t\t\t<\/div>\n\t\t\t\t<\/div>\n\t\t\t\t<\/div>\n\t\t\t\t<\/div>\n\t\t\t\t<\/div>\n\t\t<div class=\"elementor-element elementor-element-27095ff e-con-full e-flex e-con e-child\" data-id=\"27095ff\" data-element_type=\"container\" data-e-type=\"container\">\n\t\t<div class=\"elementor-element elementor-element-b502a17 e-con-full e-flex e-con e-child\" data-id=\"b502a17\" data-element_type=\"container\" data-e-type=\"container\">\n\t\t\t\t<div class=\"elementor-element elementor-element-6901211 elementor-widget__width-initial elementor-widget elementor-widget-text-editor\" data-id=\"6901211\" data-element_type=\"widget\" data-e-type=\"widget\" data-widget_type=\"text-editor.default\">\n\t\t\t\t<div class=\"elementor-widget-container\">\n\t\t\t\t\t\t\t\t\t<p style=\"font-weight: 400;\">Ludique et interactive, cette exposition propose des jeux, des ateliers et des r\u00e9alisations artistiques. Venez explorer comment notre m\u00e9moire fonctionne, quelles sont les influences auxquelles elle est soumise, et d\u00e9couvrir, peut-\u00eatre, quelques recettes infaillibles pour apprendre de mani\u00e8re plus efficace !<\/p><p style=\"font-weight: 400;\">Cette exposition, co-construite avec des chercheuses du laboratoire de neurosciences de Besan\u00e7on, s\u2019inscrit dans une d\u00e9marche de sciences et recherches participatives.<\/p><p style=\"font-weight: 400;\">Elle est divis\u00e9e en 5 parties :\u00a0<\/p><ul style=\"font-weight: 400;\"><li>De ce qui nous permet de faire soci\u00e9t\u00e9, en passant par notre biologie, l\u2019espace <u>M\u00e9moires<\/u>\u00a0permet d\u2019aborder cette notion aux multiples facettes<\/li><li><u>Cerveau<\/u> propose d\u2019explorer notre mati\u00e8re grise et questionne le rapport que nous entretenons entre cerveau et intelligence<\/li><li><u>Strat\u00e9gies<\/u> s\u2019adresse \u00e0 tous ceux qui en ont marre de passer leurs week-end \u00e0 r\u00e9viser et propose de tester quelque strat\u00e9gies et tactiques d\u2019apprentissage infaillibles<\/li><li><u>Participation<\/u> met en lumi\u00e8re des projets de recherches r\u00e9gionaux co-construits avec les citoyens. Dans cette d\u00e9marche, le public est invit\u00e9 \u00e0 t\u00e9moigner pour guider nos chercheuses sur de nouvelles pistes de r\u00e9flexion\u00a0\u00a0<\/li><li><u>Transmission<\/u> questionne nos trajectoires personnelles au regard de ce qui nous est dit et transmis.\u00a0<\/li><\/ul><p style=\"font-weight: 400;\">Cette exposition est une cr\u00e9ation de l\u2019Universit\u00e9 Marie et Louis Pasteur, imagin\u00e9e par le service Sciences, Arts et Culture \u00e0 partir des recherches ayant inspir\u00e9 le projet Sciences Cognitives Avec et Pour la Soci\u00e9t\u00e9 (SCAPS). Elle a \u00e9t\u00e9 r\u00e9alis\u00e9e gr\u00e2ce \u00e0 l\u2019aide pr\u00e9cieuse du Laboratoire de Recherches Int\u00e9gratives en Neurosciences et Psychologie Cognitive (LINC) UMR 1322 INSERM, Universit\u00e9 Marie et Louis Pasteur, du Pavillon des Sciences et du FabLab des Fabriques.<\/p><p style=\"font-weight: 400;\"><strong>Artiste expos\u00e9e<\/strong>\u00a0: Emilie McDermott<\/p><p style=\"font-weight: 400;\"><strong>Sc\u00e9nographie et graphismes<\/strong>\u00a0: Lucile S\u0153ur<\/p>\t\t\t\t\t\t\t\t<\/div>\n\t\t\t\t<\/div>\n\t\t\t\t<div class=\"elementor-element elementor-element-088a3c8 elementor-widget elementor-widget-heading\" data-id=\"088a3c8\" data-element_type=\"widget\" data-e-type=\"widget\" data-widget_type=\"heading.default\">\n\t\t\t\t<div class=\"elementor-widget-container\">\n\t\t\t\t\t<h4 class=\"elementor-heading-title elementor-size-default\">PARTENAIRES<\/h4>\t\t\t\t<\/div>\n\t\t\t\t<\/div>\n\t\t\t\t<div class=\"elementor-element elementor-element-0d9e32d elementor-widget elementor-widget-text-editor\" data-id=\"0d9e32d\" data-element_type=\"widget\" data-e-type=\"widget\" data-widget_type=\"text-editor.default\">\n\t\t\t\t<div class=\"elementor-widget-container\">\n\t\t\t\t\t\t\t\t\t<p style=\"font-weight: 400;\">Sciences avec et pour la Soci\u00e9t\u00e9, la r\u00e9gion Bourgogne Franche-Comt\u00e9, Sciences Cognitives Avec et Pour la Socit\u00e9 qui est un programme financ\u00e9 par l\u2019Agence Nationale de la Recherche, Laboratoire de Recherches Int\u00e9gratives en Neurosciences et Psychologie Cognitive (LINC) UMR 1322 INSERM Universit\u00e9 Marie et Louis Pasteur, Maison des sciences humaines et environnementales Claude-Nicolas Ledoux &#8211; UAR3124, Le Pavillon des sciences, FabLab des Fabriques.<\/p>\t\t\t\t\t\t\t\t<\/div>\n\t\t\t\t<\/div>\n\t\t\t\t<\/div>\n\t\t\t\t<\/div>\n\t\t<div class=\"elementor-element elementor-element-966c185 e-con-full e-flex e-con e-child\" data-id=\"966c185\" data-element_type=\"container\" data-e-type=\"container\">\n\t\t\t\t<div class=\"elementor-element elementor-element-1ea8b67 elementor-widget elementor-widget-button\" data-id=\"1ea8b67\" data-element_type=\"widget\" data-e-type=\"widget\" data-widget_type=\"button.default\">\n\t\t\t\t<div class=\"elementor-widget-container\">\n\t\t\t\t\t\t\t\t\t<div class=\"elementor-button-wrapper\">\n\t\t\t\t\t<a class=\"elementor-button elementor-button-link elementor-size-sm\" href=\"https:\/\/biome-besancon.umlp.fr\/wp-content\/uploads\/2025\/07\/biome_scolaires-25_web_def.pdf\" target=\"_blank\">\n\t\t\t\t\t\t<span class=\"elementor-button-content-wrapper\">\n\t\t\t\t\t\t\t\t\t<span class=\"elementor-button-text\">Pour les scolaires<\/span>\n\t\t\t\t\t<\/span>\n\t\t\t\t\t<\/a>\n\t\t\t\t<\/div>\n\t\t\t\t\t\t\t\t<\/div>\n\t\t\t\t<\/div>\n\t\t\t\t<div class=\"elementor-element elementor-element-375cf0e elementor-widget elementor-widget-button\" data-id=\"375cf0e\" data-element_type=\"widget\" data-e-type=\"widget\" data-widget_type=\"button.default\">\n\t\t\t\t<div class=\"elementor-widget-container\">\n\t\t\t\t\t\t\t\t\t<div class=\"elementor-button-wrapper\">\n\t\t\t\t\t<a class=\"elementor-button elementor-button-link elementor-size-sm\" href=\"https:\/\/biome-besancon.umlp.fr#actus\">\n\t\t\t\t\t\t<span class=\"elementor-button-content-wrapper\">\n\t\t\t\t\t\t\t\t\t<span class=\"elementor-button-text\">Voir toutes les actus<\/span>\n\t\t\t\t\t<\/span>\n\t\t\t\t\t<\/a>\n\t\t\t\t<\/div>\n\t\t\t\t\t\t\t\t<\/div>\n\t\t\t\t<\/div>\n\t\t\t\t<\/div>\n\t\t\t\t<\/div>\n\t\t\t\t\t<\/div>\n\t\t\t\t<\/div>\n\t\t\t\t<\/div>\n\t\t","protected":false},"excerpt":{"rendered":"<p>Du 30 ao\u00fbt au 12 octobre 2025<\/p>\n","protected":false},"author":1,"featured_media":2169,"comment_status":"closed","ping_status":"open","sticky":false,"template":"","format":"standard","meta":{"footnotes":""},"categories":[6],"tags":[],"class_list":["post-997","post","type-post","status-publish","format-standard","has-post-thumbnail","hentry","category-evenements-passes"],"yoast_head":"<!-- This site is optimized with the Yoast SEO plugin v27.3 - https:\/\/yoast.com\/product\/yoast-seo-wordpress\/ -->\n<title>l&#039;expo qui prend la t\u00eate - BIOME<\/title>\n<meta name=\"robots\" content=\"index, follow, max-snippet:-1, max-image-preview:large, max-video-preview:-1\" \/>\n<link rel=\"canonical\" href=\"https:\/\/biome-besancon.umlp.fr\/?p=997\" \/>\n<meta property=\"og:locale\" content=\"fr_FR\" \/>\n<meta property=\"og:type\" content=\"article\" \/>\n<meta property=\"og:title\" content=\"l&#039;expo qui prend la t\u00eate - BIOME\" \/>\n<meta property=\"og:description\" content=\"Du 30 ao\u00fbt au 12 octobre 2025\" \/>\n<meta property=\"og:url\" content=\"https:\/\/biome-besancon.umlp.fr\/?p=997\" \/>\n<meta property=\"og:site_name\" content=\"BIOME\" \/>\n<meta property=\"article:published_time\" content=\"2025-07-09T08:04:27+00:00\" \/>\n<meta property=\"article:modified_time\" content=\"2026-04-01T13:10:55+00:00\" \/>\n<meta property=\"og:image\" content=\"https:\/\/biome-besancon.umlp.fr\/wp-content\/uploads\/2025\/07\/EXPO-scaled.png\" \/>\n\t<meta property=\"og:image:width\" content=\"2560\" \/>\n\t<meta property=\"og:image:height\" content=\"2560\" \/>\n\t<meta property=\"og:image:type\" content=\"image\/png\" \/>\n<meta name=\"author\" content=\"Dircom\" \/>\n<meta name=\"twitter:card\" content=\"summary_large_image\" \/>\n<meta name=\"twitter:label1\" content=\"\u00c9crit par\" \/>\n\t<meta name=\"twitter:data1\" content=\"Dircom\" \/>\n\t<meta name=\"twitter:label2\" content=\"Dur\u00e9e de lecture estim\u00e9e\" \/>\n\t<meta name=\"twitter:data2\" content=\"3 minutes\" \/>\n<script type=\"application\/ld+json\" class=\"yoast-schema-graph\">{\"@context\":\"https:\\\/\\\/schema.org\",\"@graph\":[{\"@type\":\"Article\",\"@id\":\"https:\\\/\\\/biome-besancon.umlp.fr\\\/?p=997#article\",\"isPartOf\":{\"@id\":\"https:\\\/\\\/biome-besancon.umlp.fr\\\/?p=997\"},\"author\":{\"name\":\"Dircom\",\"@id\":\"https:\\\/\\\/biome-besancon.umlp.fr\\\/#\\\/schema\\\/person\\\/6a053e436ae3bf2e85837e6b65d1f5dd\"},\"headline\":\"l&rsquo;expo qui prend la t\u00eate\",\"datePublished\":\"2025-07-09T08:04:27+00:00\",\"dateModified\":\"2026-04-01T13:10:55+00:00\",\"mainEntityOfPage\":{\"@id\":\"https:\\\/\\\/biome-besancon.umlp.fr\\\/?p=997\"},\"wordCount\":496,\"publisher\":{\"@id\":\"https:\\\/\\\/biome-besancon.umlp.fr\\\/#organization\"},\"image\":{\"@id\":\"https:\\\/\\\/biome-besancon.umlp.fr\\\/?p=997#primaryimage\"},\"thumbnailUrl\":\"https:\\\/\\\/biome-besancon.umlp.fr\\\/wp-content\\\/uploads\\\/2025\\\/07\\\/EXPO-scaled.png\",\"articleSection\":[\"\u00c9v\u00e8nements pass\u00e9s\"],\"inLanguage\":\"fr-FR\"},{\"@type\":\"WebPage\",\"@id\":\"https:\\\/\\\/biome-besancon.umlp.fr\\\/?p=997\",\"url\":\"https:\\\/\\\/biome-besancon.umlp.fr\\\/?p=997\",\"name\":\"l'expo qui prend la t\u00eate - BIOME\",\"isPartOf\":{\"@id\":\"https:\\\/\\\/biome-besancon.umlp.fr\\\/#website\"},\"primaryImageOfPage\":{\"@id\":\"https:\\\/\\\/biome-besancon.umlp.fr\\\/?p=997#primaryimage\"},\"image\":{\"@id\":\"https:\\\/\\\/biome-besancon.umlp.fr\\\/?p=997#primaryimage\"},\"thumbnailUrl\":\"https:\\\/\\\/biome-besancon.umlp.fr\\\/wp-content\\\/uploads\\\/2025\\\/07\\\/EXPO-scaled.png\",\"datePublished\":\"2025-07-09T08:04:27+00:00\",\"dateModified\":\"2026-04-01T13:10:55+00:00\",\"breadcrumb\":{\"@id\":\"https:\\\/\\\/biome-besancon.umlp.fr\\\/?p=997#breadcrumb\"},\"inLanguage\":\"fr-FR\",\"potentialAction\":[{\"@type\":\"ReadAction\",\"target\":[\"https:\\\/\\\/biome-besancon.umlp.fr\\\/?p=997\"]}]},{\"@type\":\"ImageObject\",\"inLanguage\":\"fr-FR\",\"@id\":\"https:\\\/\\\/biome-besancon.umlp.fr\\\/?p=997#primaryimage\",\"url\":\"https:\\\/\\\/biome-besancon.umlp.fr\\\/wp-content\\\/uploads\\\/2025\\\/07\\\/EXPO-scaled.png\",\"contentUrl\":\"https:\\\/\\\/biome-besancon.umlp.fr\\\/wp-content\\\/uploads\\\/2025\\\/07\\\/EXPO-scaled.png\",\"width\":2560,\"height\":2560},{\"@type\":\"BreadcrumbList\",\"@id\":\"https:\\\/\\\/biome-besancon.umlp.fr\\\/?p=997#breadcrumb\",\"itemListElement\":[{\"@type\":\"ListItem\",\"position\":1,\"name\":\"Accueil\",\"item\":\"https:\\\/\\\/biome-besancon.umlp.fr\\\/\"},{\"@type\":\"ListItem\",\"position\":2,\"name\":\"l&rsquo;expo qui prend la t\u00eate\"}]},{\"@type\":\"WebSite\",\"@id\":\"https:\\\/\\\/biome-besancon.umlp.fr\\\/#website\",\"url\":\"https:\\\/\\\/biome-besancon.umlp.fr\\\/\",\"name\":\"BIOME\",\"description\":\"\",\"publisher\":{\"@id\":\"https:\\\/\\\/biome-besancon.umlp.fr\\\/#organization\"},\"potentialAction\":[{\"@type\":\"SearchAction\",\"target\":{\"@type\":\"EntryPoint\",\"urlTemplate\":\"https:\\\/\\\/biome-besancon.umlp.fr\\\/?s={search_term_string}\"},\"query-input\":{\"@type\":\"PropertyValueSpecification\",\"valueRequired\":true,\"valueName\":\"search_term_string\"}}],\"inLanguage\":\"fr-FR\"},{\"@type\":\"Organization\",\"@id\":\"https:\\\/\\\/biome-besancon.umlp.fr\\\/#organization\",\"name\":\"BIOME\",\"url\":\"https:\\\/\\\/biome-besancon.umlp.fr\\\/\",\"logo\":{\"@type\":\"ImageObject\",\"inLanguage\":\"fr-FR\",\"@id\":\"https:\\\/\\\/biome-besancon.umlp.fr\\\/#\\\/schema\\\/logo\\\/image\\\/\",\"url\":\"https:\\\/\\\/biome-besancon.umlp.fr\\\/wp-content\\\/uploads\\\/2025\\\/07\\\/BIOME-LOGO-BLEU-scaled.png\",\"contentUrl\":\"https:\\\/\\\/biome-besancon.umlp.fr\\\/wp-content\\\/uploads\\\/2025\\\/07\\\/BIOME-LOGO-BLEU-scaled.png\",\"width\":2560,\"height\":755,\"caption\":\"BIOME\"},\"image\":{\"@id\":\"https:\\\/\\\/biome-besancon.umlp.fr\\\/#\\\/schema\\\/logo\\\/image\\\/\"}},{\"@type\":\"Person\",\"@id\":\"https:\\\/\\\/biome-besancon.umlp.fr\\\/#\\\/schema\\\/person\\\/6a053e436ae3bf2e85837e6b65d1f5dd\",\"name\":\"Dircom\",\"image\":{\"@type\":\"ImageObject\",\"inLanguage\":\"fr-FR\",\"@id\":\"https:\\\/\\\/secure.gravatar.com\\\/avatar\\\/74279dae431599dd21cf495d492eac2f42a1d958212d9c4a624467b6bb7f217c?s=96&d=mm&r=g\",\"url\":\"https:\\\/\\\/secure.gravatar.com\\\/avatar\\\/74279dae431599dd21cf495d492eac2f42a1d958212d9c4a624467b6bb7f217c?s=96&d=mm&r=g\",\"contentUrl\":\"https:\\\/\\\/secure.gravatar.com\\\/avatar\\\/74279dae431599dd21cf495d492eac2f42a1d958212d9c4a624467b6bb7f217c?s=96&d=mm&r=g\",\"caption\":\"Dircom\"},\"sameAs\":[\"https:\\\/\\\/revuedesmedias.univ-fcomte.fr\"],\"url\":\"https:\\\/\\\/biome-besancon.umlp.fr\\\/?author=1\"}]}<\/script>\n<!-- \/ Yoast SEO plugin. -->","yoast_head_json":{"title":"l'expo qui prend la t\u00eate - BIOME","robots":{"index":"index","follow":"follow","max-snippet":"max-snippet:-1","max-image-preview":"max-image-preview:large","max-video-preview":"max-video-preview:-1"},"canonical":"https:\/\/biome-besancon.umlp.fr\/?p=997","og_locale":"fr_FR","og_type":"article","og_title":"l'expo qui prend la t\u00eate - BIOME","og_description":"Du 30 ao\u00fbt au 12 octobre 2025","og_url":"https:\/\/biome-besancon.umlp.fr\/?p=997","og_site_name":"BIOME","article_published_time":"2025-07-09T08:04:27+00:00","article_modified_time":"2026-04-01T13:10:55+00:00","og_image":[{"width":2560,"height":2560,"url":"https:\/\/biome-besancon.umlp.fr\/wp-content\/uploads\/2025\/07\/EXPO-scaled.png","type":"image\/png"}],"author":"Dircom","twitter_card":"summary_large_image","twitter_misc":{"\u00c9crit par":"Dircom","Dur\u00e9e de lecture estim\u00e9e":"3 minutes"},"schema":{"@context":"https:\/\/schema.org","@graph":[{"@type":"Article","@id":"https:\/\/biome-besancon.umlp.fr\/?p=997#article","isPartOf":{"@id":"https:\/\/biome-besancon.umlp.fr\/?p=997"},"author":{"name":"Dircom","@id":"https:\/\/biome-besancon.umlp.fr\/#\/schema\/person\/6a053e436ae3bf2e85837e6b65d1f5dd"},"headline":"l&rsquo;expo qui prend la t\u00eate","datePublished":"2025-07-09T08:04:27+00:00","dateModified":"2026-04-01T13:10:55+00:00","mainEntityOfPage":{"@id":"https:\/\/biome-besancon.umlp.fr\/?p=997"},"wordCount":496,"publisher":{"@id":"https:\/\/biome-besancon.umlp.fr\/#organization"},"image":{"@id":"https:\/\/biome-besancon.umlp.fr\/?p=997#primaryimage"},"thumbnailUrl":"https:\/\/biome-besancon.umlp.fr\/wp-content\/uploads\/2025\/07\/EXPO-scaled.png","articleSection":["\u00c9v\u00e8nements pass\u00e9s"],"inLanguage":"fr-FR"},{"@type":"WebPage","@id":"https:\/\/biome-besancon.umlp.fr\/?p=997","url":"https:\/\/biome-besancon.umlp.fr\/?p=997","name":"l'expo qui prend la t\u00eate - BIOME","isPartOf":{"@id":"https:\/\/biome-besancon.umlp.fr\/#website"},"primaryImageOfPage":{"@id":"https:\/\/biome-besancon.umlp.fr\/?p=997#primaryimage"},"image":{"@id":"https:\/\/biome-besancon.umlp.fr\/?p=997#primaryimage"},"thumbnailUrl":"https:\/\/biome-besancon.umlp.fr\/wp-content\/uploads\/2025\/07\/EXPO-scaled.png","datePublished":"2025-07-09T08:04:27+00:00","dateModified":"2026-04-01T13:10:55+00:00","breadcrumb":{"@id":"https:\/\/biome-besancon.umlp.fr\/?p=997#breadcrumb"},"inLanguage":"fr-FR","potentialAction":[{"@type":"ReadAction","target":["https:\/\/biome-besancon.umlp.fr\/?p=997"]}]},{"@type":"ImageObject","inLanguage":"fr-FR","@id":"https:\/\/biome-besancon.umlp.fr\/?p=997#primaryimage","url":"https:\/\/biome-besancon.umlp.fr\/wp-content\/uploads\/2025\/07\/EXPO-scaled.png","contentUrl":"https:\/\/biome-besancon.umlp.fr\/wp-content\/uploads\/2025\/07\/EXPO-scaled.png","width":2560,"height":2560},{"@type":"BreadcrumbList","@id":"https:\/\/biome-besancon.umlp.fr\/?p=997#breadcrumb","itemListElement":[{"@type":"ListItem","position":1,"name":"Accueil","item":"https:\/\/biome-besancon.umlp.fr\/"},{"@type":"ListItem","position":2,"name":"l&rsquo;expo qui prend la t\u00eate"}]},{"@type":"WebSite","@id":"https:\/\/biome-besancon.umlp.fr\/#website","url":"https:\/\/biome-besancon.umlp.fr\/","name":"BIOME","description":"","publisher":{"@id":"https:\/\/biome-besancon.umlp.fr\/#organization"},"potentialAction":[{"@type":"SearchAction","target":{"@type":"EntryPoint","urlTemplate":"https:\/\/biome-besancon.umlp.fr\/?s={search_term_string}"},"query-input":{"@type":"PropertyValueSpecification","valueRequired":true,"valueName":"search_term_string"}}],"inLanguage":"fr-FR"},{"@type":"Organization","@id":"https:\/\/biome-besancon.umlp.fr\/#organization","name":"BIOME","url":"https:\/\/biome-besancon.umlp.fr\/","logo":{"@type":"ImageObject","inLanguage":"fr-FR","@id":"https:\/\/biome-besancon.umlp.fr\/#\/schema\/logo\/image\/","url":"https:\/\/biome-besancon.umlp.fr\/wp-content\/uploads\/2025\/07\/BIOME-LOGO-BLEU-scaled.png","contentUrl":"https:\/\/biome-besancon.umlp.fr\/wp-content\/uploads\/2025\/07\/BIOME-LOGO-BLEU-scaled.png","width":2560,"height":755,"caption":"BIOME"},"image":{"@id":"https:\/\/biome-besancon.umlp.fr\/#\/schema\/logo\/image\/"}},{"@type":"Person","@id":"https:\/\/biome-besancon.umlp.fr\/#\/schema\/person\/6a053e436ae3bf2e85837e6b65d1f5dd","name":"Dircom","image":{"@type":"ImageObject","inLanguage":"fr-FR","@id":"https:\/\/secure.gravatar.com\/avatar\/74279dae431599dd21cf495d492eac2f42a1d958212d9c4a624467b6bb7f217c?s=96&d=mm&r=g","url":"https:\/\/secure.gravatar.com\/avatar\/74279dae431599dd21cf495d492eac2f42a1d958212d9c4a624467b6bb7f217c?s=96&d=mm&r=g","contentUrl":"https:\/\/secure.gravatar.com\/avatar\/74279dae431599dd21cf495d492eac2f42a1d958212d9c4a624467b6bb7f217c?s=96&d=mm&r=g","caption":"Dircom"},"sameAs":["https:\/\/revuedesmedias.univ-fcomte.fr"],"url":"https:\/\/biome-besancon.umlp.fr\/?author=1"}]}},"publishpress_future_action":{"enabled":false,"date":"2026-05-08 01:25:29","action":"change-status","newStatus":"draft","terms":[],"taxonomy":"category","extraData":[]},"publishpress_future_workflow_manual_trigger":{"enabledWorkflows":[]},"_links":{"self":[{"href":"https:\/\/biome-besancon.umlp.fr\/index.php?rest_route=\/wp\/v2\/posts\/997","targetHints":{"allow":["GET"]}}],"collection":[{"href":"https:\/\/biome-besancon.umlp.fr\/index.php?rest_route=\/wp\/v2\/posts"}],"about":[{"href":"https:\/\/biome-besancon.umlp.fr\/index.php?rest_route=\/wp\/v2\/types\/post"}],"author":[{"embeddable":true,"href":"https:\/\/biome-besancon.umlp.fr\/index.php?rest_route=\/wp\/v2\/users\/1"}],"replies":[{"embeddable":true,"href":"https:\/\/biome-besancon.umlp.fr\/index.php?rest_route=%2Fwp%2Fv2%2Fcomments&post=997"}],"version-history":[{"count":178,"href":"https:\/\/biome-besancon.umlp.fr\/index.php?rest_route=\/wp\/v2\/posts\/997\/revisions"}],"predecessor-version":[{"id":2869,"href":"https:\/\/biome-besancon.umlp.fr\/index.php?rest_route=\/wp\/v2\/posts\/997\/revisions\/2869"}],"wp:featuredmedia":[{"embeddable":true,"href":"https:\/\/biome-besancon.umlp.fr\/index.php?rest_route=\/wp\/v2\/media\/2169"}],"wp:attachment":[{"href":"https:\/\/biome-besancon.umlp.fr\/index.php?rest_route=%2Fwp%2Fv2%2Fmedia&parent=997"}],"wp:term":[{"taxonomy":"category","embeddable":true,"href":"https:\/\/biome-besancon.umlp.fr\/index.php?rest_route=%2Fwp%2Fv2%2Fcategories&post=997"},{"taxonomy":"post_tag","embeddable":true,"href":"https:\/\/biome-besancon.umlp.fr\/index.php?rest_route=%2Fwp%2Fv2%2Ftags&post=997"}],"curies":[{"name":"wp","href":"https:\/\/api.w.org\/{rel}","templated":true}]}}